{"id":1763,"date":"2024-07-11T22:32:28","date_gmt":"2024-07-11T22:32:28","guid":{"rendered":"https:\/\/acedijusrs.com.br\/2024\/?p=1763"},"modified":"2024-07-12T00:43:18","modified_gmt":"2024-07-12T00:43:18","slug":"acedijus-rs-participa-da-primeira-reuniao-paritaria-da-mesa-revisora-do-plano-de-cargos-e-salarios","status":"publish","type":"post","link":"https:\/\/acedijusrs.com.br\/2024\/2024\/07\/11\/acedijus-rs-participa-da-primeira-reuniao-paritaria-da-mesa-revisora-do-plano-de-cargos-e-salarios\/","title":{"rendered":"ACEDIJUS RS participa da primeira reuni\u00e3o parit\u00e1ria da mesa revisora do Plano de Cargos e Sal\u00e1rios"},"content":{"rendered":"\n<p>Na tarde de hoje, 11, representada pelo Diretor Jur\u00eddico, Analista Judici\u00e1rio Edson Jos\u00e9 Busatto, e pelo procurador jur\u00eddico da entidade, advogado Eduardo Vit\u00f3ria Dornelles, a ACEDIJUS RS participou da primeira reuni\u00e3o oficial da Mesa Revisora do Plano de Cargos e Sal\u00e1rios dos Servidores do TJRS.<br>Nesse primeiro encontro, reunindo a Administra\u00e7\u00e3o e entidades representativas da categoria em seus diversos segmentos, foi definido o cronograma de trabalho, que se estender\u00e1 at\u00e9 o pr\u00f3ximo m\u00eas de novembro.<br>As propostas advindas das entidades e servidores em geral dever\u00e3o ser dirigidas por e-mail a ser oportunamente divulgado.<br>Fica o e-mail contato@acedijusrs.com.br \u00e0 disposi\u00e7\u00e3o associados para o envio de sugest\u00f5es, at\u00e9 o dia 22 de julho pr\u00f3ximo.<\/p>\n\n\n\n<figure class=\"wp-block-image size-large\"><img fetchpriority=\"high\" decoding=\"async\" width=\"1024\" height=\"461\" src=\"https:\/\/acedijusrs.com.br\/2024\/wp-content\/uploads\/2024\/07\/ok-1024x461.jpg\" alt=\"\" class=\"wp-image-1764\" srcset=\"https:\/\/acedijusrs.com.br\/2024\/wp-content\/uploads\/2024\/07\/ok-1024x461.jpg 1024w, https:\/\/acedijusrs.com.br\/2024\/wp-content\/uploads\/2024\/07\/ok-300x135.jpg 300w, https:\/\/acedijusrs.com.br\/2024\/wp-content\/uploads\/2024\/07\/ok-768x346.jpg 768w, https:\/\/acedijusrs.com.br\/2024\/wp-content\/uploads\/2024\/07\/ok-1536x692.jpg 1536w, https:\/\/acedijusrs.com.br\/2024\/wp-content\/uploads\/2024\/07\/ok.jpg 1600w\" sizes=\"(max-width: 1024px) 100vw, 1024px\" \/><\/figure>\n","protected":false},"excerpt":{"rendered":"<p>Na tarde de hoje, 11, representada pelo Diretor Jur\u00eddico, Analista Judici\u00e1rio Edson Jos\u00e9 Busatto, e pelo procurador jur\u00eddico da entidade, advogado Eduardo Vit\u00f3ria Dornelles, a ACEDIJUS RS participou da primeira reuni\u00e3o oficial da Mesa Revisora do Plano de Cargos e Sal\u00e1rios dos Servidores do TJRS.Nesse primeiro encontro, reunindo a Administra\u00e7\u00e3o<a href=\"https:\/\/acedijusrs.com.br\/2024\/2024\/07\/11\/acedijus-rs-participa-da-primeira-reuniao-paritaria-da-mesa-revisora-do-plano-de-cargos-e-salarios\/\" class=\"read-more\">Read More<\/a><\/p>\n","protected":false},"author":1,"featured_media":0,"comment_status":"closed","ping_status":"open","sticky":false,"template":"","format":"standard","meta":{"footnotes":""},"categories":[1],"tags":[],"class_list":["post-1763","post","type-post","status-publish","format-standard","hentry","category-noticias"],"_links":{"self":[{"href":"https:\/\/acedijusrs.com.br\/2024\/wp-json\/wp\/v2\/posts\/1763","targetHints":{"allow":["GET"]}}],"collection":[{"href":"https:\/\/acedijusrs.com.br\/2024\/wp-json\/wp\/v2\/posts"}],"about":[{"href":"https:\/\/acedijusrs.com.br\/2024\/wp-json\/wp\/v2\/types\/post"}],"author":[{"embeddable":true,"href":"https:\/\/acedijusrs.com.br\/2024\/wp-json\/wp\/v2\/users\/1"}],"replies":[{"embeddable":true,"href":"https:\/\/acedijusrs.com.br\/2024\/wp-json\/wp\/v2\/comments?post=1763"}],"version-history":[{"count":2,"href":"https:\/\/acedijusrs.com.br\/2024\/wp-json\/wp\/v2\/posts\/1763\/revisions"}],"predecessor-version":[{"id":1766,"href":"https:\/\/acedijusrs.com.br\/2024\/wp-json\/wp\/v2\/posts\/1763\/revisions\/1766"}],"wp:attachment":[{"href":"https:\/\/acedijusrs.com.br\/2024\/wp-json\/wp\/v2\/media?parent=1763"}],"wp:term":[{"taxonomy":"category","embeddable":true,"href":"https:\/\/acedijusrs.com.br\/2024\/wp-json\/wp\/v2\/categories?post=1763"},{"taxonomy":"post_tag","embeddable":true,"href":"https:\/\/acedijusrs.com.br\/2024\/wp-json\/wp\/v2\/tags?post=1763"}],"curies":[{"name":"wp","href":"https:\/\/api.w.org\/{rel}","templated":true}]}}