{"id":2051,"date":"2025-07-08T22:52:17","date_gmt":"2025-07-08T22:52:17","guid":{"rendered":"https:\/\/acedijusrs.com.br\/2024\/?p=2051"},"modified":"2025-07-08T22:52:17","modified_gmt":"2025-07-08T22:52:17","slug":"direcao-da-entidade-teve-audiencia-com-2-a-vice-presidencia-do-tjrs-na-pauta-os-auxilios-saude-medicamentos-e-social","status":"publish","type":"post","link":"https:\/\/acedijusrs.com.br\/2024\/2025\/07\/08\/direcao-da-entidade-teve-audiencia-com-2-a-vice-presidencia-do-tjrs-na-pauta-os-auxilios-saude-medicamentos-e-social\/","title":{"rendered":"Dire\u00e7\u00e3o da entidade teve audi\u00eancia com 2 \u00aa Vice-presid\u00eancia do TJRS &#8211; Na pauta os Aux\u00edlios Sa\u00fade, Medicamentos e Social."},"content":{"rendered":"\n<p>Na tarde desta ter\u00e7a-feira, representada pelo presidente, Analista do Poder Judici\u00e1rio, Marco Aurelio Ricciardi Weber e pelo vice-presidente, Eduardo Ant\u00f4nio Canha, acompanhados do procurador jur\u00eddico, Eduardo Vit\u00f3ria Dornelles, a ACEDIJUS RS esteve reunida com o 2\u00ba Vice-presidente do TJRS, Desembargador S\u00e9rgio Miguel Achutti Blattes, sendo muito bem recebida no Gabinete desse, em encontro que durou mais de uma hora, no qual foram tratados temas da mais alta import\u00e2ncia para todos os segmentos da categoria, em tr\u00eas eixos: os aux\u00edlios sa\u00fade, medicamentos e o t\u00e3o esperado aux\u00edlio social para os inativos.<\/p>\n\n\n\n<p>O Desembargador, entre outras coisas, informou que a Administra\u00e7\u00e3o est\u00e1 empenhada no tema, e que o Presidente, Alberto Delgado Neto est\u00e1 muito preocupado com a quest\u00e3o dos inativos porque sente a necessidade desses em ter um respaldo e reconhecimento pelo trabalho e dedica\u00e7\u00e3o prestados ao longo dos anos.<\/p>\n\n\n\n<p>Recebeu o of\u00edcio, cuja integra segue abaixo, em seu conte\u00fado objetivo e pragm\u00e1tico, uma caracter\u00edstica que foi incorporada ao trabalho da entidade na gest\u00e3o do presidente Weber, que se declarou muito satisfeito com a acolhida do Desembargador Blattes: &#8211; &#8220;Notamos o empenho dessa Administra\u00e7\u00e3o em efetivamente solucionar demandas antigas da categoria. Chega de paliativos. Precisamos de empenho para resolver de vez certas situa\u00e7\u00f5es, cada vez mais urgentes, com \u00e9 a do aux\u00edlio social, e a nossa proposta \u00e9 a de que o valor alcan\u00e7ado a todos seja o mesmo, ou seja, equivalente ao do aux\u00edlio refei\u00e7\u00e3o, nada menos&#8221;, concluiu.<\/p>\n\n\n\n<p>J\u00e1 o vetusto vice-presidente, Eduardo Canha, conterr\u00e2neo do Desembargador Blattes, um dos fundadores da ACEDIJUS RS, v\u00e1rias vezes presidente e hoje patrono da entidade, tamb\u00e9m avaliou como positivo o encontro: &#8211; &#8220;N\u00e3o s\u00f3 por reencontrar um conterr\u00e2neo, mas por ter sido ouvido e t\u00e3o bem acolhido, estou confiante que essa Administra\u00e7\u00e3o est\u00e1 trabalhando com afinco para marcar sua gest\u00e3o na nossa tajet\u00f3ria&#8221;, arrematou.<\/p>\n\n\n\n<figure class=\"wp-block-image size-large\"><img fetchpriority=\"high\" decoding=\"async\" width=\"768\" height=\"1024\" src=\"https:\/\/acedijusrs.com.br\/2024\/wp-content\/uploads\/2025\/07\/Imagem-do-WhatsApp-de-2025-07-08-as-19.33.48_b91e319f-768x1024.jpg\" alt=\"\" class=\"wp-image-2052\" srcset=\"https:\/\/acedijusrs.com.br\/2024\/wp-content\/uploads\/2025\/07\/Imagem-do-WhatsApp-de-2025-07-08-as-19.33.48_b91e319f-768x1024.jpg 768w, https:\/\/acedijusrs.com.br\/2024\/wp-content\/uploads\/2025\/07\/Imagem-do-WhatsApp-de-2025-07-08-as-19.33.48_b91e319f-225x300.jpg 225w, https:\/\/acedijusrs.com.br\/2024\/wp-content\/uploads\/2025\/07\/Imagem-do-WhatsApp-de-2025-07-08-as-19.33.48_b91e319f.jpg 960w\" sizes=\"(max-width: 768px) 100vw, 768px\" \/><\/figure>\n\n\n\n<div class=\"wp-block-media-text is-stacked-on-mobile\"><figure class=\"wp-block-media-text__media\"><img decoding=\"async\" width=\"724\" height=\"1024\" src=\"https:\/\/acedijusrs.com.br\/2024\/wp-content\/uploads\/2025\/07\/1-724x1024.jpg\" alt=\"\" class=\"wp-image-2053 size-full\" srcset=\"https:\/\/acedijusrs.com.br\/2024\/wp-content\/uploads\/2025\/07\/1-724x1024.jpg 724w, https:\/\/acedijusrs.com.br\/2024\/wp-content\/uploads\/2025\/07\/1-212x300.jpg 212w, https:\/\/acedijusrs.com.br\/2024\/wp-content\/uploads\/2025\/07\/1-768x1086.jpg 768w, https:\/\/acedijusrs.com.br\/2024\/wp-content\/uploads\/2025\/07\/1-1086x1536.jpg 1086w, https:\/\/acedijusrs.com.br\/2024\/wp-content\/uploads\/2025\/07\/1-1448x2048.jpg 1448w, https:\/\/acedijusrs.com.br\/2024\/wp-content\/uploads\/2025\/07\/1.jpg 1654w\" sizes=\"(max-width: 724px) 100vw, 724px\" \/><\/figure><div class=\"wp-block-media-text__content\">\n<p><\/p>\n\n\n\n<div class=\"wp-block-media-text is-stacked-on-mobile\"><figure class=\"wp-block-media-text__media\"><img decoding=\"async\" width=\"724\" height=\"1024\" src=\"https:\/\/acedijusrs.com.br\/2024\/wp-content\/uploads\/2025\/07\/2-724x1024.jpg\" alt=\"\" class=\"wp-image-2054 size-full\" srcset=\"https:\/\/acedijusrs.com.br\/2024\/wp-content\/uploads\/2025\/07\/2-724x1024.jpg 724w, https:\/\/acedijusrs.com.br\/2024\/wp-content\/uploads\/2025\/07\/2-212x300.jpg 212w, https:\/\/acedijusrs.com.br\/2024\/wp-content\/uploads\/2025\/07\/2-768x1086.jpg 768w, https:\/\/acedijusrs.com.br\/2024\/wp-content\/uploads\/2025\/07\/2-1086x1536.jpg 1086w, https:\/\/acedijusrs.com.br\/2024\/wp-content\/uploads\/2025\/07\/2-1448x2048.jpg 1448w, https:\/\/acedijusrs.com.br\/2024\/wp-content\/uploads\/2025\/07\/2.jpg 1654w\" sizes=\"(max-width: 724px) 100vw, 724px\" \/><\/figure><div class=\"wp-block-media-text__content\">\n<p><\/p>\n\n\n\n<div class=\"wp-block-media-text is-stacked-on-mobile\"><figure class=\"wp-block-media-text__media\"><img loading=\"lazy\" decoding=\"async\" width=\"724\" height=\"1024\" src=\"https:\/\/acedijusrs.com.br\/2024\/wp-content\/uploads\/2025\/07\/3-724x1024.jpg\" alt=\"\" class=\"wp-image-2055 size-full\" srcset=\"https:\/\/acedijusrs.com.br\/2024\/wp-content\/uploads\/2025\/07\/3-724x1024.jpg 724w, https:\/\/acedijusrs.com.br\/2024\/wp-content\/uploads\/2025\/07\/3-212x300.jpg 212w, https:\/\/acedijusrs.com.br\/2024\/wp-content\/uploads\/2025\/07\/3-768x1086.jpg 768w, https:\/\/acedijusrs.com.br\/2024\/wp-content\/uploads\/2025\/07\/3-1086x1536.jpg 1086w, https:\/\/acedijusrs.com.br\/2024\/wp-content\/uploads\/2025\/07\/3-1448x2048.jpg 1448w, https:\/\/acedijusrs.com.br\/2024\/wp-content\/uploads\/2025\/07\/3.jpg 1654w\" sizes=\"(max-width: 724px) 100vw, 724px\" \/><\/figure><div class=\"wp-block-media-text__content\">\n<p><\/p>\n\n\n\n<figure class=\"wp-block-image size-large\"><img loading=\"lazy\" decoding=\"async\" width=\"1654\" height=\"2339\" src=\"https:\/\/acedijusrs.com.br\/2024\/wp-content\/uploads\/2025\/07\/4-724x1024.jpg\" alt=\"\" class=\"wp-image-2056\" srcset=\"https:\/\/acedijusrs.com.br\/2024\/wp-content\/uploads\/2025\/07\/4-724x1024.jpg 724w, https:\/\/acedijusrs.com.br\/2024\/wp-content\/uploads\/2025\/07\/4-212x300.jpg 212w, https:\/\/acedijusrs.com.br\/2024\/wp-content\/uploads\/2025\/07\/4-768x1086.jpg 768w, https:\/\/acedijusrs.com.br\/2024\/wp-content\/uploads\/2025\/07\/4-1086x1536.jpg 1086w, https:\/\/acedijusrs.com.br\/2024\/wp-content\/uploads\/2025\/07\/4-1448x2048.jpg 1448w, https:\/\/acedijusrs.com.br\/2024\/wp-content\/uploads\/2025\/07\/4.jpg 1654w\" sizes=\"(max-width: 1654px) 100vw, 1654px\" \/><\/figure>\n<\/div><\/div>\n<\/div><\/div>\n<\/div><\/div>\n","protected":false},"excerpt":{"rendered":"<p>Na tarde desta ter\u00e7a-feira, representada pelo presidente, Analista do Poder Judici\u00e1rio, Marco Aurelio Ricciardi Weber e pelo vice-presidente, Eduardo Ant\u00f4nio Canha, acompanhados do procurador jur\u00eddico, Eduardo Vit\u00f3ria Dornelles, a ACEDIJUS RS esteve reunida com o 2\u00ba Vice-presidente do TJRS, Desembargador S\u00e9rgio Miguel Achutti Blattes, sendo muito bem recebida no Gabinete<a href=\"https:\/\/acedijusrs.com.br\/2024\/2025\/07\/08\/direcao-da-entidade-teve-audiencia-com-2-a-vice-presidencia-do-tjrs-na-pauta-os-auxilios-saude-medicamentos-e-social\/\" class=\"read-more\">Read More<\/a><\/p>\n","protected":false},"author":4,"featured_media":0,"comment_status":"closed","ping_status":"open","sticky":false,"template":"","format":"standard","meta":{"footnotes":""},"categories":[1],"tags":[],"class_list":["post-2051","post","type-post","status-publish","format-standard","hentry","category-noticias"],"_links":{"self":[{"href":"https:\/\/acedijusrs.com.br\/2024\/wp-json\/wp\/v2\/posts\/2051","targetHints":{"allow":["GET"]}}],"collection":[{"href":"https:\/\/acedijusrs.com.br\/2024\/wp-json\/wp\/v2\/posts"}],"about":[{"href":"https:\/\/acedijusrs.com.br\/2024\/wp-json\/wp\/v2\/types\/post"}],"author":[{"embeddable":true,"href":"https:\/\/acedijusrs.com.br\/2024\/wp-json\/wp\/v2\/users\/4"}],"replies":[{"embeddable":true,"href":"https:\/\/acedijusrs.com.br\/2024\/wp-json\/wp\/v2\/comments?post=2051"}],"version-history":[{"count":1,"href":"https:\/\/acedijusrs.com.br\/2024\/wp-json\/wp\/v2\/posts\/2051\/revisions"}],"predecessor-version":[{"id":2057,"href":"https:\/\/acedijusrs.com.br\/2024\/wp-json\/wp\/v2\/posts\/2051\/revisions\/2057"}],"wp:attachment":[{"href":"https:\/\/acedijusrs.com.br\/2024\/wp-json\/wp\/v2\/media?parent=2051"}],"wp:term":[{"taxonomy":"category","embeddable":true,"href":"https:\/\/acedijusrs.com.br\/2024\/wp-json\/wp\/v2\/categories?post=2051"},{"taxonomy":"post_tag","embeddable":true,"href":"https:\/\/acedijusrs.com.br\/2024\/wp-json\/wp\/v2\/tags?post=2051"}],"curies":[{"name":"wp","href":"https:\/\/api.w.org\/{rel}","templated":true}]}}