{"id":2072,"date":"2025-08-01T22:02:40","date_gmt":"2025-08-01T22:02:40","guid":{"rendered":"https:\/\/acedijusrs.com.br\/2024\/?p=2072"},"modified":"2025-08-01T22:02:40","modified_gmt":"2025-08-01T22:02:40","slug":"acedijus-rs-reforca-posicao-sobre-auxilios-saude-medicamentos-e-social","status":"publish","type":"post","link":"https:\/\/acedijusrs.com.br\/2024\/2025\/08\/01\/acedijus-rs-reforca-posicao-sobre-auxilios-saude-medicamentos-e-social\/","title":{"rendered":"ACEDIJUS RS refor\u00e7a posi\u00e7\u00e3o sobre aux\u00edlios sa\u00fade, medicamentos e social."},"content":{"rendered":"\n<p>Em reuni\u00e3o extraordin\u00e1ria realizada ontem, 31\/07, a mesa executiva da ACEDIJUS RS, diante da not\u00edcia de proposta diversa do consenso t\u00e1cito at\u00e9 agora verificado entre as entidades representativas da categoria no tocante ao aux\u00edlio sa\u00fade, decidiu oficiar ao Tribunal de Justi\u00e7a do Estado do Rio Grande do Sul, na pessoa do 2\u00ba Vice-presidente, Desembargador S\u00e9rgio Miguel Achutti Blattes, refor\u00e7ando sua posi\u00e7\u00e3o n\u00e3o s\u00f3 quanto ao aux\u00edlio sa\u00fade, defendendo a manuten\u00e7\u00e3o dos crit\u00e9rios hoje observados, com reajuste anual com base na m\u00e9dia do reajuste dos planos de sa\u00fade, como tamb\u00e9m quanto ao aux\u00edlio medicamentos, pela cria\u00e7\u00e3o de uma rubrica independente, diante da insufici\u00eancia de recursos para atender as demandas, principalmente dos servidores inativos.<\/p>\n\n\n\n<p>Quanto ao aux\u00edlio social ou nutri\u00e7\u00e3o, esse a ser alcan\u00e7ado aos inativos, entende a ACEDIJUS RS, que o montante n\u00e3o pode, nem deve ser inferior ao do aux\u00edlio refei\u00e7\u00e3o.<\/p>\n\n\n\n<p>O presidente da ACEDIJUS, Analista do Poder Judici\u00e1rio, Marco Aurelio Ricciardi Weber, v\u00ea como extremamente importante o momento vivido pela atual Administra\u00e7\u00e3o, que &#8220;tem a magn\u00edfica oportunidade de eliminar de vez os paliativos e encontrar a solu\u00e7\u00e3o, especialmente para o segmento dos inativos, atingidos em cheio por uma crudel\u00edssima pol\u00edtica persecut\u00f3ria nos \u00faltimos anos. Com medidas simples e objetivas, muito embora com certo sacrif\u00edcio or\u00e7ament\u00e1rio, \u00e9 hora de estabelecer uma indel\u00e9vel marca de valoriza\u00e7\u00e3o de recursos humanos na hist\u00f3ria desse Egr\u00e9gio Tribunal de Justi\u00e7a&#8221;.<\/p>\n\n\n\n<p><\/p>\n","protected":false},"excerpt":{"rendered":"<p>Em reuni\u00e3o extraordin\u00e1ria realizada ontem, 31\/07, a mesa executiva da ACEDIJUS RS, diante da not\u00edcia de proposta diversa do consenso t\u00e1cito at\u00e9 agora verificado entre as entidades representativas da categoria no tocante ao aux\u00edlio sa\u00fade, decidiu oficiar ao Tribunal de Justi\u00e7a do Estado do Rio Grande do Sul, na pessoa<a href=\"https:\/\/acedijusrs.com.br\/2024\/2025\/08\/01\/acedijus-rs-reforca-posicao-sobre-auxilios-saude-medicamentos-e-social\/\" class=\"read-more\">Read More<\/a><\/p>\n","protected":false},"author":4,"featured_media":0,"comment_status":"closed","ping_status":"open","sticky":false,"template":"","format":"standard","meta":{"footnotes":""},"categories":[1],"tags":[],"class_list":["post-2072","post","type-post","status-publish","format-standard","hentry","category-noticias"],"_links":{"self":[{"href":"https:\/\/acedijusrs.com.br\/2024\/wp-json\/wp\/v2\/posts\/2072","targetHints":{"allow":["GET"]}}],"collection":[{"href":"https:\/\/acedijusrs.com.br\/2024\/wp-json\/wp\/v2\/posts"}],"about":[{"href":"https:\/\/acedijusrs.com.br\/2024\/wp-json\/wp\/v2\/types\/post"}],"author":[{"embeddable":true,"href":"https:\/\/acedijusrs.com.br\/2024\/wp-json\/wp\/v2\/users\/4"}],"replies":[{"embeddable":true,"href":"https:\/\/acedijusrs.com.br\/2024\/wp-json\/wp\/v2\/comments?post=2072"}],"version-history":[{"count":1,"href":"https:\/\/acedijusrs.com.br\/2024\/wp-json\/wp\/v2\/posts\/2072\/revisions"}],"predecessor-version":[{"id":2073,"href":"https:\/\/acedijusrs.com.br\/2024\/wp-json\/wp\/v2\/posts\/2072\/revisions\/2073"}],"wp:attachment":[{"href":"https:\/\/acedijusrs.com.br\/2024\/wp-json\/wp\/v2\/media?parent=2072"}],"wp:term":[{"taxonomy":"category","embeddable":true,"href":"https:\/\/acedijusrs.com.br\/2024\/wp-json\/wp\/v2\/categories?post=2072"},{"taxonomy":"post_tag","embeddable":true,"href":"https:\/\/acedijusrs.com.br\/2024\/wp-json\/wp\/v2\/tags?post=2072"}],"curies":[{"name":"wp","href":"https:\/\/api.w.org\/{rel}","templated":true}]}}