{"id":2074,"date":"2025-08-06T23:12:29","date_gmt":"2025-08-06T23:12:29","guid":{"rendered":"https:\/\/acedijusrs.com.br\/2024\/?p=2074"},"modified":"2025-08-06T23:12:29","modified_gmt":"2025-08-06T23:12:29","slug":"acedijus-rs-tem-novos-associados","status":"publish","type":"post","link":"https:\/\/acedijusrs.com.br\/2024\/2025\/08\/06\/acedijus-rs-tem-novos-associados\/","title":{"rendered":"ACEDIJUS RS TEM NOVOS ASSOCIADOS"},"content":{"rendered":"\n<p>Na tarde desta quarta-feira, 06\/8, o Diretor Administrativo da Acedijus RS, Jardel Fabiam Pens, esteve no Foro de Novo Hamburgo visitando os colegas da comarca! Na ocasi\u00e3o externou aos presentes o refor\u00e7ado trabalho da Acedijus RS em prol do aprimoramento dos aux\u00edlios sa\u00fade e medicamentos e pela implementa\u00e7\u00e3o do auxilio social para os aposentados, assim como do trabalho da Associa\u00e7\u00e3o pela aprova\u00e7\u00e3o da progress\u00e3o de todos os Servidores aptos, o que se espera seja implementado em breve pelo TJRS.<br>Na ocasi\u00e3o, quatro novos associados se somaram aos quadros da Entidade. S\u00e3o eles: Vanusa Silva Soares, Marcos Pedro H. De Oliveira, Juliana e Silva Appel Freitas e Helena Reginatto. <\/p>\n\n\n\n<p>Sejam bem vindos \u00e0 fam\u00edlia\u00a0Acedijus!<\/p>\n\n\n\n<div class=\"wp-block-columns is-layout-flex wp-container-core-columns-is-layout-9d6595d7 wp-block-columns-is-layout-flex\">\n<div class=\"wp-block-column is-layout-flow wp-block-column-is-layout-flow\" style=\"flex-basis:100%\">\n<figure class=\"wp-block-image size-large\"><img fetchpriority=\"high\" decoding=\"async\" width=\"703\" height=\"1024\" src=\"https:\/\/acedijusrs.com.br\/2024\/wp-content\/uploads\/2025\/08\/Imagem-do-WhatsApp-de-2025-08-06-as-18.35.27_54fd4cff-703x1024.jpg\" alt=\"\" class=\"wp-image-2075\" srcset=\"https:\/\/acedijusrs.com.br\/2024\/wp-content\/uploads\/2025\/08\/Imagem-do-WhatsApp-de-2025-08-06-as-18.35.27_54fd4cff-703x1024.jpg 703w, https:\/\/acedijusrs.com.br\/2024\/wp-content\/uploads\/2025\/08\/Imagem-do-WhatsApp-de-2025-08-06-as-18.35.27_54fd4cff-206x300.jpg 206w, https:\/\/acedijusrs.com.br\/2024\/wp-content\/uploads\/2025\/08\/Imagem-do-WhatsApp-de-2025-08-06-as-18.35.27_54fd4cff-768x1118.jpg 768w, https:\/\/acedijusrs.com.br\/2024\/wp-content\/uploads\/2025\/08\/Imagem-do-WhatsApp-de-2025-08-06-as-18.35.27_54fd4cff-1055x1536.jpg 1055w, https:\/\/acedijusrs.com.br\/2024\/wp-content\/uploads\/2025\/08\/Imagem-do-WhatsApp-de-2025-08-06-as-18.35.27_54fd4cff.jpg 1099w\" sizes=\"(max-width: 703px) 100vw, 703px\" \/><\/figure>\n<\/div>\n<\/div>\n\n\n\n<figure class=\"wp-block-image size-large\"><img decoding=\"async\" width=\"732\" height=\"1024\" src=\"https:\/\/acedijusrs.com.br\/2024\/wp-content\/uploads\/2025\/08\/Imagem-do-WhatsApp-de-2025-08-06-as-18.35.27_1fcc8447-732x1024.jpg\" alt=\"\" class=\"wp-image-2076\" srcset=\"https:\/\/acedijusrs.com.br\/2024\/wp-content\/uploads\/2025\/08\/Imagem-do-WhatsApp-de-2025-08-06-as-18.35.27_1fcc8447-732x1024.jpg 732w, https:\/\/acedijusrs.com.br\/2024\/wp-content\/uploads\/2025\/08\/Imagem-do-WhatsApp-de-2025-08-06-as-18.35.27_1fcc8447-214x300.jpg 214w, https:\/\/acedijusrs.com.br\/2024\/wp-content\/uploads\/2025\/08\/Imagem-do-WhatsApp-de-2025-08-06-as-18.35.27_1fcc8447-768x1075.jpg 768w, https:\/\/acedijusrs.com.br\/2024\/wp-content\/uploads\/2025\/08\/Imagem-do-WhatsApp-de-2025-08-06-as-18.35.27_1fcc8447-1097x1536.jpg 1097w, https:\/\/acedijusrs.com.br\/2024\/wp-content\/uploads\/2025\/08\/Imagem-do-WhatsApp-de-2025-08-06-as-18.35.27_1fcc8447.jpg 1143w\" sizes=\"(max-width: 732px) 100vw, 732px\" \/><\/figure>\n\n\n\n<div class=\"wp-block-columns is-layout-flex wp-container-core-columns-is-layout-9d6595d7 wp-block-columns-is-layout-flex\">\n<div class=\"wp-block-column is-layout-flow wp-block-column-is-layout-flow\" style=\"flex-basis:100%\">\n<figure class=\"wp-block-image size-large\"><img decoding=\"async\" width=\"1024\" height=\"997\" src=\"https:\/\/acedijusrs.com.br\/2024\/wp-content\/uploads\/2025\/08\/Imagem-do-WhatsApp-de-2025-08-06-as-18.35.28_f7ca3472-1024x997.jpg\" alt=\"\" class=\"wp-image-2077\" srcset=\"https:\/\/acedijusrs.com.br\/2024\/wp-content\/uploads\/2025\/08\/Imagem-do-WhatsApp-de-2025-08-06-as-18.35.28_f7ca3472-1024x997.jpg 1024w, https:\/\/acedijusrs.com.br\/2024\/wp-content\/uploads\/2025\/08\/Imagem-do-WhatsApp-de-2025-08-06-as-18.35.28_f7ca3472-300x292.jpg 300w, https:\/\/acedijusrs.com.br\/2024\/wp-content\/uploads\/2025\/08\/Imagem-do-WhatsApp-de-2025-08-06-as-18.35.28_f7ca3472-768x748.jpg 768w, https:\/\/acedijusrs.com.br\/2024\/wp-content\/uploads\/2025\/08\/Imagem-do-WhatsApp-de-2025-08-06-as-18.35.28_f7ca3472.jpg 1536w\" sizes=\"(max-width: 1024px) 100vw, 1024px\" \/><\/figure>\n<\/div>\n<\/div>\n\n\n\n<figure class=\"wp-block-image size-large\"><img loading=\"lazy\" decoding=\"async\" width=\"984\" height=\"1024\" src=\"https:\/\/acedijusrs.com.br\/2024\/wp-content\/uploads\/2025\/08\/Imagem-do-WhatsApp-de-2025-08-06-as-18.35.28_ff997320-984x1024.jpg\" alt=\"\" class=\"wp-image-2078\" srcset=\"https:\/\/acedijusrs.com.br\/2024\/wp-content\/uploads\/2025\/08\/Imagem-do-WhatsApp-de-2025-08-06-as-18.35.28_ff997320-984x1024.jpg 984w, https:\/\/acedijusrs.com.br\/2024\/wp-content\/uploads\/2025\/08\/Imagem-do-WhatsApp-de-2025-08-06-as-18.35.28_ff997320-288x300.jpg 288w, https:\/\/acedijusrs.com.br\/2024\/wp-content\/uploads\/2025\/08\/Imagem-do-WhatsApp-de-2025-08-06-as-18.35.28_ff997320-768x799.jpg 768w, https:\/\/acedijusrs.com.br\/2024\/wp-content\/uploads\/2025\/08\/Imagem-do-WhatsApp-de-2025-08-06-as-18.35.28_ff997320-1476x1536.jpg 1476w, https:\/\/acedijusrs.com.br\/2024\/wp-content\/uploads\/2025\/08\/Imagem-do-WhatsApp-de-2025-08-06-as-18.35.28_ff997320.jpg 1538w\" sizes=\"(max-width: 984px) 100vw, 984px\" \/><\/figure>\n","protected":false},"excerpt":{"rendered":"<p>Na tarde desta quarta-feira, 06\/8, o Diretor Administrativo da Acedijus RS, Jardel Fabiam Pens, esteve no Foro de Novo Hamburgo visitando os colegas da comarca! Na ocasi\u00e3o externou aos presentes o refor\u00e7ado trabalho da Acedijus RS em prol do aprimoramento dos aux\u00edlios sa\u00fade e medicamentos e pela implementa\u00e7\u00e3o do auxilio<a href=\"https:\/\/acedijusrs.com.br\/2024\/2025\/08\/06\/acedijus-rs-tem-novos-associados\/\" class=\"read-more\">Read More<\/a><\/p>\n","protected":false},"author":4,"featured_media":0,"comment_status":"closed","ping_status":"open","sticky":false,"template":"","format":"standard","meta":{"footnotes":""},"categories":[1],"tags":[],"class_list":["post-2074","post","type-post","status-publish","format-standard","hentry","category-noticias"],"_links":{"self":[{"href":"https:\/\/acedijusrs.com.br\/2024\/wp-json\/wp\/v2\/posts\/2074","targetHints":{"allow":["GET"]}}],"collection":[{"href":"https:\/\/acedijusrs.com.br\/2024\/wp-json\/wp\/v2\/posts"}],"about":[{"href":"https:\/\/acedijusrs.com.br\/2024\/wp-json\/wp\/v2\/types\/post"}],"author":[{"embeddable":true,"href":"https:\/\/acedijusrs.com.br\/2024\/wp-json\/wp\/v2\/users\/4"}],"replies":[{"embeddable":true,"href":"https:\/\/acedijusrs.com.br\/2024\/wp-json\/wp\/v2\/comments?post=2074"}],"version-history":[{"count":1,"href":"https:\/\/acedijusrs.com.br\/2024\/wp-json\/wp\/v2\/posts\/2074\/revisions"}],"predecessor-version":[{"id":2079,"href":"https:\/\/acedijusrs.com.br\/2024\/wp-json\/wp\/v2\/posts\/2074\/revisions\/2079"}],"wp:attachment":[{"href":"https:\/\/acedijusrs.com.br\/2024\/wp-json\/wp\/v2\/media?parent=2074"}],"wp:term":[{"taxonomy":"category","embeddable":true,"href":"https:\/\/acedijusrs.com.br\/2024\/wp-json\/wp\/v2\/categories?post=2074"},{"taxonomy":"post_tag","embeddable":true,"href":"https:\/\/acedijusrs.com.br\/2024\/wp-json\/wp\/v2\/tags?post=2074"}],"curies":[{"name":"wp","href":"https:\/\/api.w.org\/{rel}","templated":true}]}}