{"id":2138,"date":"2025-11-30T14:03:58","date_gmt":"2025-11-30T14:03:58","guid":{"rendered":"https:\/\/acedijusrs.com.br\/2024\/?p=2138"},"modified":"2025-11-30T14:03:58","modified_gmt":"2025-11-30T14:03:58","slug":"acedijus-rs-visita-presidencia-da-ajuris","status":"publish","type":"post","link":"https:\/\/acedijusrs.com.br\/2024\/2025\/11\/30\/acedijus-rs-visita-presidencia-da-ajuris\/","title":{"rendered":"ACEDIJUS RS VISITA PRESID\u00caNCIA DA AJURIS"},"content":{"rendered":"\n<p>O presidente da ACEDIJUS RS, Analista do Poder Judici\u00e1rio, Marco Aurelio Ricciardi Weber, cumpriu agenda na sede da Associa\u00e7\u00e3o dos Ju\u00edzes do Rio Grande do Sul na tarde da \u00faltima sexta-feira, ocasi\u00e3o na qual esteve com o mandat\u00e1rio da entidade m\u00e1xima dos magistrados, Juiz de Direito, Cristian o Vilhalba Fl\u00f4res.<br>No encontro, Weber agradeceu o apoio expl\u00edcito da AJURIS a todos os pleitos da entidade durante o mandato do presidente Cristiano, especialmente nos que disseram respeito aos preju\u00edzos decorrentes das enchentes do ano passado, quando a entidade de forma oficial, firmou reinvidica\u00e7\u00f5es conjuntas ao TJRS, no sentido de que fosse alcan\u00e7ado o valor de um vencimento l\u00edquido aos servidores diretamente atingidos pela cat\u00e1strofe, infelizmente n\u00e3o atendido pela Administra\u00e7\u00e3o, que limitou-se ao adiantamento da parcela de 50% do 13\u00ba sal\u00e1rio, em junho de 2024, valor absolutamente insuficiente para cobertura dos preju\u00edzos.<br>Em reuni\u00e3o virtual de diretoria, realizada ontem, s\u00e1bado, atrav\u00e9s de proposta do pr\u00f3prio presidente, a ACEDIJUS RS, conceder\u00e1 a medalha Eduardo Antonio Canha, forma de homenagem aos amigos e benfeitores da entidade e seus associados, se aceita, ao presidente Cristiano Vilhalba Flores, em ato a ser agendado.<\/p>\n\n\n\n<figure class=\"wp-block-image size-large\"><img fetchpriority=\"high\" decoding=\"async\" width=\"1024\" height=\"908\" src=\"https:\/\/acedijusrs.com.br\/2024\/wp-content\/uploads\/2025\/11\/1-1024x908.jpg\" alt=\"\" class=\"wp-image-2139\" srcset=\"https:\/\/acedijusrs.com.br\/2024\/wp-content\/uploads\/2025\/11\/1-1024x908.jpg 1024w, https:\/\/acedijusrs.com.br\/2024\/wp-content\/uploads\/2025\/11\/1-300x266.jpg 300w, https:\/\/acedijusrs.com.br\/2024\/wp-content\/uploads\/2025\/11\/1-768x681.jpg 768w, https:\/\/acedijusrs.com.br\/2024\/wp-content\/uploads\/2025\/11\/1.jpg 1080w\" sizes=\"(max-width: 1024px) 100vw, 1024px\" \/><\/figure>\n\n\n\n<p><\/p>\n","protected":false},"excerpt":{"rendered":"<p>O presidente da ACEDIJUS RS, Analista do Poder Judici\u00e1rio, Marco Aurelio Ricciardi Weber, cumpriu agenda na sede da Associa\u00e7\u00e3o dos Ju\u00edzes do Rio Grande do Sul na tarde da \u00faltima sexta-feira, ocasi\u00e3o na qual esteve com o mandat\u00e1rio da entidade m\u00e1xima dos magistrados, Juiz de Direito, Cristian o Vilhalba Fl\u00f4res.No<a href=\"https:\/\/acedijusrs.com.br\/2024\/2025\/11\/30\/acedijus-rs-visita-presidencia-da-ajuris\/\" class=\"read-more\">Read More<\/a><\/p>\n","protected":false},"author":4,"featured_media":0,"comment_status":"closed","ping_status":"open","sticky":false,"template":"","format":"standard","meta":{"footnotes":""},"categories":[1],"tags":[],"class_list":["post-2138","post","type-post","status-publish","format-standard","hentry","category-noticias"],"_links":{"self":[{"href":"https:\/\/acedijusrs.com.br\/2024\/wp-json\/wp\/v2\/posts\/2138","targetHints":{"allow":["GET"]}}],"collection":[{"href":"https:\/\/acedijusrs.com.br\/2024\/wp-json\/wp\/v2\/posts"}],"about":[{"href":"https:\/\/acedijusrs.com.br\/2024\/wp-json\/wp\/v2\/types\/post"}],"author":[{"embeddable":true,"href":"https:\/\/acedijusrs.com.br\/2024\/wp-json\/wp\/v2\/users\/4"}],"replies":[{"embeddable":true,"href":"https:\/\/acedijusrs.com.br\/2024\/wp-json\/wp\/v2\/comments?post=2138"}],"version-history":[{"count":1,"href":"https:\/\/acedijusrs.com.br\/2024\/wp-json\/wp\/v2\/posts\/2138\/revisions"}],"predecessor-version":[{"id":2140,"href":"https:\/\/acedijusrs.com.br\/2024\/wp-json\/wp\/v2\/posts\/2138\/revisions\/2140"}],"wp:attachment":[{"href":"https:\/\/acedijusrs.com.br\/2024\/wp-json\/wp\/v2\/media?parent=2138"}],"wp:term":[{"taxonomy":"category","embeddable":true,"href":"https:\/\/acedijusrs.com.br\/2024\/wp-json\/wp\/v2\/categories?post=2138"},{"taxonomy":"post_tag","embeddable":true,"href":"https:\/\/acedijusrs.com.br\/2024\/wp-json\/wp\/v2\/tags?post=2138"}],"curies":[{"name":"wp","href":"https:\/\/api.w.org\/{rel}","templated":true}]}}