{"id":2141,"date":"2025-12-06T02:06:22","date_gmt":"2025-12-06T02:06:22","guid":{"rendered":"https:\/\/acedijusrs.com.br\/2024\/?p=2141"},"modified":"2025-12-06T02:08:10","modified_gmt":"2025-12-06T02:08:10","slug":"acedijus-homenageia-presidente-da-ajuris","status":"publish","type":"post","link":"https:\/\/acedijusrs.com.br\/2024\/2025\/12\/06\/acedijus-homenageia-presidente-da-ajuris\/","title":{"rendered":"ACEDIJUS homenageia Presidente da AJURIS"},"content":{"rendered":"\n<p>Na tarde de hoje, 5\/12, o presidente da ACEDIJUS RS, Analista do Poder Judici\u00e1rio, Marco Aurelio Ricciardi Weber, acompanhado do Procurador Jur\u00eddico da entidade, advogado Eduardo Vit\u00f3ria Dornelles, esteve na sede da Associa\u00e7\u00e3o dos Ju\u00edzes do Estado do Rio Grande do Sul, \u00e0 Rua Celeste Gobatto, em Porto Alegre, onde prestou homenagem ao presidente daquela associa\u00e7\u00e3o, Juiz de Direito Cristiano Vilhalba Fl\u00f4res, mediante concess\u00e3o da Medalha Eduardo Ant\u00f4nio Canha, forma de reconhecimento aos parceiros e amigos da nossa jornada em prol dos servidores do Judici\u00e1rio Estadual.<\/p>\n\n\n\n<p>O Magistrado recebeu recebeu a medalha, confeccionada em s\u00e9rie numerada, com a de n\u00famero tr\u00eas, sendo que as primeiras foram concedidas ao pr\u00f3prio Eduardo Ant\u00f4nio Canha, decano da nossa entidade e que empresta seu nome ao pr\u00eamio, e a segunda ao ex-presidente do TJRS, Desembargador Voltaire de Lima Moraes. <\/p>\n\n\n\n<figure class=\"wp-block-image size-large\"><img fetchpriority=\"high\" decoding=\"async\" width=\"768\" height=\"1024\" src=\"https:\/\/acedijusrs.com.br\/2024\/wp-content\/uploads\/2025\/12\/1000088474-768x1024.jpg\" alt=\"\" class=\"wp-image-2142\" srcset=\"https:\/\/acedijusrs.com.br\/2024\/wp-content\/uploads\/2025\/12\/1000088474-768x1024.jpg 768w, https:\/\/acedijusrs.com.br\/2024\/wp-content\/uploads\/2025\/12\/1000088474-225x300.jpg 225w, https:\/\/acedijusrs.com.br\/2024\/wp-content\/uploads\/2025\/12\/1000088474-1152x1536.jpg 1152w, https:\/\/acedijusrs.com.br\/2024\/wp-content\/uploads\/2025\/12\/1000088474-1536x2048.jpg 1536w, https:\/\/acedijusrs.com.br\/2024\/wp-content\/uploads\/2025\/12\/1000088474-scaled.jpg 1920w\" sizes=\"(max-width: 768px) 100vw, 768px\" \/><\/figure>\n","protected":false},"excerpt":{"rendered":"<p>Na tarde de hoje, 5\/12, o presidente da ACEDIJUS RS, Analista do Poder Judici\u00e1rio, Marco Aurelio Ricciardi Weber, acompanhado do Procurador Jur\u00eddico da entidade, advogado Eduardo Vit\u00f3ria Dornelles, esteve na sede da Associa\u00e7\u00e3o dos Ju\u00edzes do Estado do Rio Grande do Sul, \u00e0 Rua Celeste Gobatto, em Porto Alegre, onde<a href=\"https:\/\/acedijusrs.com.br\/2024\/2025\/12\/06\/acedijus-homenageia-presidente-da-ajuris\/\" class=\"read-more\">Read More<\/a><\/p>\n","protected":false},"author":4,"featured_media":0,"comment_status":"closed","ping_status":"open","sticky":false,"template":"","format":"standard","meta":{"footnotes":""},"categories":[1],"tags":[],"class_list":["post-2141","post","type-post","status-publish","format-standard","hentry","category-noticias"],"_links":{"self":[{"href":"https:\/\/acedijusrs.com.br\/2024\/wp-json\/wp\/v2\/posts\/2141","targetHints":{"allow":["GET"]}}],"collection":[{"href":"https:\/\/acedijusrs.com.br\/2024\/wp-json\/wp\/v2\/posts"}],"about":[{"href":"https:\/\/acedijusrs.com.br\/2024\/wp-json\/wp\/v2\/types\/post"}],"author":[{"embeddable":true,"href":"https:\/\/acedijusrs.com.br\/2024\/wp-json\/wp\/v2\/users\/4"}],"replies":[{"embeddable":true,"href":"https:\/\/acedijusrs.com.br\/2024\/wp-json\/wp\/v2\/comments?post=2141"}],"version-history":[{"count":3,"href":"https:\/\/acedijusrs.com.br\/2024\/wp-json\/wp\/v2\/posts\/2141\/revisions"}],"predecessor-version":[{"id":2145,"href":"https:\/\/acedijusrs.com.br\/2024\/wp-json\/wp\/v2\/posts\/2141\/revisions\/2145"}],"wp:attachment":[{"href":"https:\/\/acedijusrs.com.br\/2024\/wp-json\/wp\/v2\/media?parent=2141"}],"wp:term":[{"taxonomy":"category","embeddable":true,"href":"https:\/\/acedijusrs.com.br\/2024\/wp-json\/wp\/v2\/categories?post=2141"},{"taxonomy":"post_tag","embeddable":true,"href":"https:\/\/acedijusrs.com.br\/2024\/wp-json\/wp\/v2\/tags?post=2141"}],"curies":[{"name":"wp","href":"https:\/\/api.w.org\/{rel}","templated":true}]}}