{"id":2183,"date":"2026-01-23T20:58:05","date_gmt":"2026-01-23T20:58:05","guid":{"rendered":"https:\/\/acedijusrs.com.br\/2024\/?p=2183"},"modified":"2026-01-23T20:58:05","modified_gmt":"2026-01-23T20:58:05","slug":"novidades-no-auxilio-saude","status":"publish","type":"post","link":"https:\/\/acedijusrs.com.br\/2024\/2026\/01\/23\/novidades-no-auxilio-saude\/","title":{"rendered":"Novidades no Aux\u00edlio Sa\u00fade"},"content":{"rendered":"\n<p>Representada pelo Diretor Administrativo, Jardel Fabiam Pens, a ACEDIJUS esteve, juntamente com a demais entidades representativas dos servidores do judici\u00e1rio ga\u00facho, na reuni\u00e3o convocada pelo 2\u00ba Vice-presidente do TJRS, Desembargador S\u00e9rgio Miguel Achutti Blattes, cuja pauta foi o an\u00fancio de modifica\u00e7\u00f5es no SALUS. O evento ocorreu nesta sexta-feira \u00e0 tarde, na nova sala de sess\u00f5es do TJRS.<\/p>\n\n\n\n<p>A Administra\u00e7\u00e3o do Tribunal anunciou a institui\u00e7\u00e3o de valor m\u00ednimo autorizado para ressarcimento do Aux\u00edlio-Sa\u00fade e, com isso, cerca de 60% dos servidores, ou seja, aproximadamente 4.316 servidores ativos e 2.147 inativos e pensionistas, num total de cerca de mais de 6.400 beneficiados.<\/p>\n\n\n\n<p>Os <strong>servidores ativos<\/strong> ter\u00e3o direito a um piso de R$ 915,16, e os inativos e pensionaistas a\u00a0R$ 1.830,32.<\/p>\n\n\n\n<p>O Presidente do TJRS, Desembargador Alberto Delgado Neto, frisou que \u201cNossa pol\u00edtica \u00e9 atender o maior n\u00famero poss\u00edvel de pessoas, sempre dentro dos limites or\u00e7ament\u00e1rios. Esta \u00e9 mais uma entrega constru\u00edda com responsabilidade, observando as normas legais e financeiras.\u201d<\/p>\n\n\n\n<p>De outra banda, pontuou que j\u00e1 existe no CNJ, expediente em andamento, tratando do t\u00e3o esperado Aux\u00edlio Social, expectativa h\u00e1 muito ansiada pelos servidores inativos.<\/p>\n\n\n\n<p>J\u00e1 o 2\u00ba Vice-presidente, Desembargador S\u00e9rgio Miguel Achutti Blattes, enalteceu a parceria  TJ e entidades classistas: \u201cTivemos uma parceria colaborativa com os servidores, fundamental para o sucesso das a\u00e7\u00f5es, assim como o apoio das institui\u00e7\u00f5es. Sempre que precisamos de refor\u00e7o diante dos \u00f3rg\u00e3os pol\u00edticos, contamos com voc\u00eas \u2014 e isso fez toda a diferen\u00e7a\u201d, pontuou.<\/p>\n\n\n\n<p>Tamb\u00e9m estiveram presentes o 1\u00ba Vice-Presidente do TJRS, \u00cdcaro Carvalho de Bem Os\u00f3rio; a Coordenadora do Comit\u00ea Estadual da Sa\u00fade \u2013 CNJ e do Comit\u00ea Gestor Local de Aten\u00e7\u00e3o Integral \u00e0 Sa\u00fade, Desembargadora Liselena Schifino Robles Ribeiro; a Vice-Presidente e Corregedora Regional Eleitoral do TRE\/RS, Desembargadora Maria de Lourdes Galv\u00e3o Braccini de Gonzalez; o Diretor-Geral do TJRS, Alberto Araguaci; a Diretora da Dprev, Tania Elisabet da Cunha; a Secret\u00e1ria-Geral da Presid\u00eancia, Silvia Knof Fraga; o Secret\u00e1rio da 2\u00aa Vice-Presid\u00eancia, Alexandre Delayti Motta e o Assessor Especial da Presid\u00eancia, Ivandre Medeiros.<\/p>\n\n\n\n<figure class=\"wp-block-image size-large is-resized\"><img fetchpriority=\"high\" decoding=\"async\" width=\"768\" height=\"1024\" src=\"https:\/\/acedijusrs.com.br\/2024\/wp-content\/uploads\/2026\/01\/WhatsApp-Image-2026-01-23-at-16.28.23-1-768x1024.jpeg\" alt=\"\" class=\"wp-image-2184\" style=\"aspect-ratio:0.7500220283725438;width:393px;height:auto\" srcset=\"https:\/\/acedijusrs.com.br\/2024\/wp-content\/uploads\/2026\/01\/WhatsApp-Image-2026-01-23-at-16.28.23-1-768x1024.jpeg 768w, https:\/\/acedijusrs.com.br\/2024\/wp-content\/uploads\/2026\/01\/WhatsApp-Image-2026-01-23-at-16.28.23-1-225x300.jpeg 225w, https:\/\/acedijusrs.com.br\/2024\/wp-content\/uploads\/2026\/01\/WhatsApp-Image-2026-01-23-at-16.28.23-1-1152x1536.jpeg 1152w, https:\/\/acedijusrs.com.br\/2024\/wp-content\/uploads\/2026\/01\/WhatsApp-Image-2026-01-23-at-16.28.23-1.jpeg 1199w\" sizes=\"(max-width: 768px) 100vw, 768px\" \/><figcaption class=\"wp-element-caption\">Jardel Pens representou a entidade no evento.<\/figcaption><\/figure>\n\n\n\n<figure class=\"wp-block-image size-large is-resized\"><img decoding=\"async\" width=\"768\" height=\"1024\" src=\"https:\/\/acedijusrs.com.br\/2024\/wp-content\/uploads\/2026\/01\/WhatsApp-Image-2026-01-23-at-16.28.22-768x1024.jpeg\" alt=\"\" class=\"wp-image-2185\" style=\"aspect-ratio:0.7500104633156155;width:401px;height:auto\" srcset=\"https:\/\/acedijusrs.com.br\/2024\/wp-content\/uploads\/2026\/01\/WhatsApp-Image-2026-01-23-at-16.28.22-768x1024.jpeg 768w, https:\/\/acedijusrs.com.br\/2024\/wp-content\/uploads\/2026\/01\/WhatsApp-Image-2026-01-23-at-16.28.22-225x300.jpeg 225w, https:\/\/acedijusrs.com.br\/2024\/wp-content\/uploads\/2026\/01\/WhatsApp-Image-2026-01-23-at-16.28.22.jpeg 960w\" sizes=\"(max-width: 768px) 100vw, 768px\" \/><\/figure>\n\n\n\n<p>Tela anunciando o valor m\u00ednimo autorizado.<\/p>\n\n\n\n<figure class=\"wp-block-image size-large is-resized\"><img decoding=\"async\" width=\"768\" height=\"1024\" src=\"https:\/\/acedijusrs.com.br\/2024\/wp-content\/uploads\/2026\/01\/WhatsApp-Image-2026-01-23-at-16.28.23-768x1024.jpeg\" alt=\"\" class=\"wp-image-2186\" style=\"width:416px;height:auto\" srcset=\"https:\/\/acedijusrs.com.br\/2024\/wp-content\/uploads\/2026\/01\/WhatsApp-Image-2026-01-23-at-16.28.23-768x1024.jpeg 768w, https:\/\/acedijusrs.com.br\/2024\/wp-content\/uploads\/2026\/01\/WhatsApp-Image-2026-01-23-at-16.28.23-225x300.jpeg 225w, https:\/\/acedijusrs.com.br\/2024\/wp-content\/uploads\/2026\/01\/WhatsApp-Image-2026-01-23-at-16.28.23-1152x1536.jpeg 1152w, https:\/\/acedijusrs.com.br\/2024\/wp-content\/uploads\/2026\/01\/WhatsApp-Image-2026-01-23-at-16.28.23.jpeg 1200w\" sizes=\"(max-width: 768px) 100vw, 768px\" \/><\/figure>\n\n\n\n<p>Mesa do evento. Ao centro, Presidente Alberto<\/p>\n\n\n\n<p> Delgado Neto.<\/p>\n\n\n\n<p><\/p>\n","protected":false},"excerpt":{"rendered":"<p>Representada pelo Diretor Administrativo, Jardel Fabiam Pens, a ACEDIJUS esteve, juntamente com a demais entidades representativas dos servidores do judici\u00e1rio ga\u00facho, na reuni\u00e3o convocada pelo 2\u00ba Vice-presidente do TJRS, Desembargador S\u00e9rgio Miguel Achutti Blattes, cuja pauta foi o an\u00fancio de modifica\u00e7\u00f5es no SALUS. O evento ocorreu nesta sexta-feira \u00e0 tarde,<a href=\"https:\/\/acedijusrs.com.br\/2024\/2026\/01\/23\/novidades-no-auxilio-saude\/\" class=\"read-more\">Read More<\/a><\/p>\n","protected":false},"author":4,"featured_media":0,"comment_status":"closed","ping_status":"open","sticky":false,"template":"","format":"standard","meta":{"footnotes":""},"categories":[1],"tags":[],"class_list":["post-2183","post","type-post","status-publish","format-standard","hentry","category-noticias"],"_links":{"self":[{"href":"https:\/\/acedijusrs.com.br\/2024\/wp-json\/wp\/v2\/posts\/2183","targetHints":{"allow":["GET"]}}],"collection":[{"href":"https:\/\/acedijusrs.com.br\/2024\/wp-json\/wp\/v2\/posts"}],"about":[{"href":"https:\/\/acedijusrs.com.br\/2024\/wp-json\/wp\/v2\/types\/post"}],"author":[{"embeddable":true,"href":"https:\/\/acedijusrs.com.br\/2024\/wp-json\/wp\/v2\/users\/4"}],"replies":[{"embeddable":true,"href":"https:\/\/acedijusrs.com.br\/2024\/wp-json\/wp\/v2\/comments?post=2183"}],"version-history":[{"count":2,"href":"https:\/\/acedijusrs.com.br\/2024\/wp-json\/wp\/v2\/posts\/2183\/revisions"}],"predecessor-version":[{"id":2191,"href":"https:\/\/acedijusrs.com.br\/2024\/wp-json\/wp\/v2\/posts\/2183\/revisions\/2191"}],"wp:attachment":[{"href":"https:\/\/acedijusrs.com.br\/2024\/wp-json\/wp\/v2\/media?parent=2183"}],"wp:term":[{"taxonomy":"category","embeddable":true,"href":"https:\/\/acedijusrs.com.br\/2024\/wp-json\/wp\/v2\/categories?post=2183"},{"taxonomy":"post_tag","embeddable":true,"href":"https:\/\/acedijusrs.com.br\/2024\/wp-json\/wp\/v2\/tags?post=2183"}],"curies":[{"name":"wp","href":"https:\/\/api.w.org\/{rel}","templated":true}]}}