{"id":2209,"date":"2026-04-23T23:48:18","date_gmt":"2026-04-23T23:48:18","guid":{"rendered":"https:\/\/acedijusrs.com.br\/2024\/?p=2209"},"modified":"2026-04-23T23:49:18","modified_gmt":"2026-04-23T23:49:18","slug":"acedijus-leva-espinha-dorsal-dos-pleitos-para-o-bienio-2026-2027-a-nova-administracao-do-tjrs","status":"publish","type":"post","link":"https:\/\/acedijusrs.com.br\/2024\/2026\/04\/23\/acedijus-leva-espinha-dorsal-dos-pleitos-para-o-bienio-2026-2027-a-nova-administracao-do-tjrs\/","title":{"rendered":"ACEDIJUS leva espinha dorsal dos pleitos para o bi\u00eanio 2026\/2027 \u00e0 nova Administra\u00e7\u00e3o do TJRS."},"content":{"rendered":"\n<p>Na tarde de hoje, 23, os diretores da ACEDIJUS RS, Analistas Judici\u00e1rios, Marco Aurelio Ricciardi Weber, presidente, e Edson Jos\u00e9 Busatto, Diretor Jur\u00eddico, acompanhados do procurador jur\u00eddico, Dr. Eduardo Vit\u00f3ria Dornelles, visitaram a Presid\u00eancia do Tribunal de Justi\u00e7a do Rio Grande do Sul, onde levaram ao conhecimento do mandat\u00e1rio, Desembargador Eduardo Uhlein a espinha dorsal das reinvindica\u00e7\u00f5es da entidade para o bi\u00eanio 2026\/2027, que s\u00e3o as seguintes:<\/p>\n\n\n\n<ul class=\"wp-block-list\">\n<li>Majora\u00e7\u00e3o dos valores do Aux\u00edlio Sa\u00fade, tendo em vista a brutal majora\u00e7\u00e3o dos planos de assist\u00eancia, que chegaram ao patamar de 30% (trinta por cento), sendo que tal majora\u00e7\u00e3o, ou diminuiu, ou simplesmente eliminou a margem para o Aux\u00edlio Medicamentos;<\/li>\n\n\n\n<li>Aux\u00edlio Social ou Nutri\u00e7\u00e3o, esse alcan\u00e7ado aos inativos, em montante n\u00e3o inferior ao atualmente alcan\u00e7ado \u00e0 guisa de Aux\u00edlio Refei\u00e7\u00e3o, reajust\u00e1vel anualmente e na mesma data;<\/li>\n\n\n\n<li>Reenquadramento equ\u00e2nime, buscando maior valoriza\u00e7\u00e3o da carreira de analista Judici\u00e1rio, em seu padr\u00e3o inicial, em especial aos padr\u00f5es intermedi\u00e1rios, inclusive com correspond\u00eancia \u00e0s Classes PJ-E 22,23 e 24;<\/li>\n\n\n\n<li>Estudo com respeito a um plano de sa\u00fade completo, pr\u00f3prio ou contratado, para magistrados e servidores ativos ou inativos, com a efetiva implanta\u00e7\u00e3o;<\/li>\n\n\n\n<li>Reposi\u00e7\u00e3o de vencimentos atinente \u00e0s perdas inflacion\u00e1rias dos \u00faltimos tr\u00eas anos.<\/li>\n<\/ul>\n\n\n\n<p>Tamb\u00e9m foi verbalmente requerida pelo presidente Marco Weber a corre\u00e7\u00e3o dos valores do vale refei\u00e7\u00e3o, porquanto ainda n\u00e3o reajustado este ano, assim como manifestada a preocupa\u00e7\u00e3o quanto a demora na indeniza\u00e7\u00e3o, via Sistema SALUS, dos valores pagos pelos servidores a t\u00edtulo de honor\u00e1rios m\u00e9dicos de anestesistas, posto que n\u00e3o mais indenizados pelo IPE aos moldes anteriores, mas apenas uma pequena parte, havendo casos relatados de quase dois anos de espera. Esses relatos foram devidamente registrados pela Diretora do Departamento de Gest\u00e3o de Pessoas &#8211; DIGEP, Luciana Carvalho Azambuja, presente ao evento.<\/p>\n\n\n\n<p>Com interven\u00e7\u00f5es precisas e importantes, Edson Busato e Eduardo Dornelles lembraram quest\u00f5es t\u00e9cnicas que deram suporte aos pleitos, com Weber frisando, ao final, &#8220;n\u00e3o podemos esquecer, e assim entendemos, que o positivismo jur\u00eddico, quando levado ao extremo, e tal enfrentamos com amargas consequ\u00eancias nos \u00faltimos anos, pode reduzir o Direito a uma formalidade vazia; por isso, o pragmatismo administrativo \u00e9 indispens\u00e1vel n\u00e3o apenas para dar celeridade aos atos, mas tamb\u00e9m para assegurar resultados pr\u00e1ticos e efetivos. \u00c9 o que esperamos dessa nova Administra\u00e7\u00e3o&#8221;.<\/p>\n\n\n\n<p>Estiveram presentes, tamb\u00e9m, a Diretora Geral do TJRS, &nbsp;Anelise Nicolodi Camara e um Juiz Assessor da Presid\u00eancia.<\/p>\n\n\n\n<figure class=\"wp-block-gallery has-nested-images columns-default is-cropped wp-block-gallery-1 is-layout-flex wp-block-gallery-is-layout-flex\">\n<figure class=\"wp-block-image size-large is-resized\"><img fetchpriority=\"high\" decoding=\"async\" width=\"1024\" height=\"682\" data-id=\"2210\" src=\"https:\/\/acedijusrs.com.br\/2024\/wp-content\/uploads\/2026\/04\/3-1024x682.jpeg\" alt=\"\" class=\"wp-image-2210\" style=\"width:504px;height:auto\" srcset=\"https:\/\/acedijusrs.com.br\/2024\/wp-content\/uploads\/2026\/04\/3-1024x682.jpeg 1024w, https:\/\/acedijusrs.com.br\/2024\/wp-content\/uploads\/2026\/04\/3-300x200.jpeg 300w, https:\/\/acedijusrs.com.br\/2024\/wp-content\/uploads\/2026\/04\/3-768x512.jpeg 768w, https:\/\/acedijusrs.com.br\/2024\/wp-content\/uploads\/2026\/04\/3-1536x1023.jpeg 1536w, https:\/\/acedijusrs.com.br\/2024\/wp-content\/uploads\/2026\/04\/3.jpeg 1600w\" sizes=\"(max-width: 1024px) 100vw, 1024px\" \/><\/figure>\n\n\n\n<figure class=\"wp-block-image size-large is-resized\"><img decoding=\"async\" width=\"768\" height=\"1024\" data-id=\"2211\" src=\"https:\/\/acedijusrs.com.br\/2024\/wp-content\/uploads\/2026\/04\/1-768x1024.jpeg\" alt=\"\" class=\"wp-image-2211\" style=\"width:316px;height:auto\" srcset=\"https:\/\/acedijusrs.com.br\/2024\/wp-content\/uploads\/2026\/04\/1-768x1024.jpeg 768w, https:\/\/acedijusrs.com.br\/2024\/wp-content\/uploads\/2026\/04\/1-225x300.jpeg 225w, https:\/\/acedijusrs.com.br\/2024\/wp-content\/uploads\/2026\/04\/1-1152x1536.jpeg 1152w, https:\/\/acedijusrs.com.br\/2024\/wp-content\/uploads\/2026\/04\/1.jpeg 1200w\" sizes=\"(max-width: 768px) 100vw, 768px\" \/><\/figure>\n<\/figure>\n","protected":false},"excerpt":{"rendered":"<p>Na tarde de hoje, 23, os diretores da ACEDIJUS RS, Analistas Judici\u00e1rios, Marco Aurelio Ricciardi Weber, presidente, e Edson Jos\u00e9 Busatto, Diretor Jur\u00eddico, acompanhados do procurador jur\u00eddico, Dr. Eduardo Vit\u00f3ria Dornelles, visitaram a Presid\u00eancia do Tribunal de Justi\u00e7a do Rio Grande do Sul, onde levaram ao conhecimento do mandat\u00e1rio, Desembargador<a href=\"https:\/\/acedijusrs.com.br\/2024\/2026\/04\/23\/acedijus-leva-espinha-dorsal-dos-pleitos-para-o-bienio-2026-2027-a-nova-administracao-do-tjrs\/\" class=\"read-more\">Read More<\/a><\/p>\n","protected":false},"author":4,"featured_media":0,"comment_status":"closed","ping_status":"open","sticky":false,"template":"","format":"standard","meta":{"footnotes":""},"categories":[1],"tags":[],"class_list":["post-2209","post","type-post","status-publish","format-standard","hentry","category-noticias"],"_links":{"self":[{"href":"https:\/\/acedijusrs.com.br\/2024\/wp-json\/wp\/v2\/posts\/2209","targetHints":{"allow":["GET"]}}],"collection":[{"href":"https:\/\/acedijusrs.com.br\/2024\/wp-json\/wp\/v2\/posts"}],"about":[{"href":"https:\/\/acedijusrs.com.br\/2024\/wp-json\/wp\/v2\/types\/post"}],"author":[{"embeddable":true,"href":"https:\/\/acedijusrs.com.br\/2024\/wp-json\/wp\/v2\/users\/4"}],"replies":[{"embeddable":true,"href":"https:\/\/acedijusrs.com.br\/2024\/wp-json\/wp\/v2\/comments?post=2209"}],"version-history":[{"count":2,"href":"https:\/\/acedijusrs.com.br\/2024\/wp-json\/wp\/v2\/posts\/2209\/revisions"}],"predecessor-version":[{"id":2213,"href":"https:\/\/acedijusrs.com.br\/2024\/wp-json\/wp\/v2\/posts\/2209\/revisions\/2213"}],"wp:attachment":[{"href":"https:\/\/acedijusrs.com.br\/2024\/wp-json\/wp\/v2\/media?parent=2209"}],"wp:term":[{"taxonomy":"category","embeddable":true,"href":"https:\/\/acedijusrs.com.br\/2024\/wp-json\/wp\/v2\/categories?post=2209"},{"taxonomy":"post_tag","embeddable":true,"href":"https:\/\/acedijusrs.com.br\/2024\/wp-json\/wp\/v2\/tags?post=2209"}],"curies":[{"name":"wp","href":"https:\/\/api.w.org\/{rel}","templated":true}]}}