{"id":2239,"date":"2026-09-02T19:15:07","date_gmt":"2026-09-02T19:15:07","guid":{"rendered":"https:\/\/acedijusrs.com.br\/2024\/?p=2239"},"modified":"2026-09-03T13:59:25","modified_gmt":"2026-09-03T13:59:25","slug":"acedijus-visita-o-servico-de-assistencia-a-saude-suplementar-sass-e-traz-informacoes-importantes","status":"publish","type":"post","link":"https:\/\/acedijusrs.com.br\/2024\/2026\/09\/02\/acedijus-visita-o-servico-de-assistencia-a-saude-suplementar-sass-e-traz-informacoes-importantes\/","title":{"rendered":"ACEDIJUS visita o Servi\u00e7o de Assist\u00eancia \u00e0 Sa\u00fade Suplementar (SASS) e traz informa\u00e7\u00f5es importantes"},"content":{"rendered":"\n<figure class=\"wp-block-image size-large\"><img fetchpriority=\"high\" decoding=\"async\" width=\"1024\" height=\"768\" src=\"https:\/\/acedijusrs.com.br\/2024\/wp-content\/uploads\/2026\/09\/image-1024x768.png\" alt=\"\" class=\"wp-image-2245\" srcset=\"https:\/\/acedijusrs.com.br\/2024\/wp-content\/uploads\/2026\/09\/image-1024x768.png 1024w, https:\/\/acedijusrs.com.br\/2024\/wp-content\/uploads\/2026\/09\/image-300x225.png 300w, https:\/\/acedijusrs.com.br\/2024\/wp-content\/uploads\/2026\/09\/image-768x576.png 768w, https:\/\/acedijusrs.com.br\/2024\/wp-content\/uploads\/2026\/09\/image-1536x1152.png 1536w, https:\/\/acedijusrs.com.br\/2024\/wp-content\/uploads\/2026\/09\/image-509x382.png 509w, https:\/\/acedijusrs.com.br\/2024\/wp-content\/uploads\/2026\/09\/image-800x600.png 800w, https:\/\/acedijusrs.com.br\/2024\/wp-content\/uploads\/2026\/09\/image.png 1600w\" sizes=\"(max-width: 1024px) 100vw, 1024px\" \/><\/figure>\n\n\n\n<p class=\"wp-block-paragraph\"><br><br>O presidente da ACEDIJUS, Analista do Poder Judici\u00e1rio Marco Aurelio Ricciardi Weber, visitou nesta quarta-feira, 02\/09, o Servi\u00e7o de Assist\u00eancia \u00e0 Sa\u00fade Suplementar (SASS), no qual, como j\u00e1 \u00e9 rotineiro, foi muito bem recebido pelo diretor William Costa e pelos demais colegas. Na oportunidade, Weber procurou buscar informa\u00e7\u00f5es a respeito da celeridade no processamento das indeniza\u00e7\u00f5es por medicamentos e planos de sa\u00fade. O diretor Wiliam Costa gentilmente esclareceu que tem sido realizado um mutir\u00e3o, inclusive com horas extras, o qual conseguiu reduzir de sessenta para vinte e cinco dias o prazo para an\u00e1lise de cada pedido indenizat\u00f3rio, em que pese, e isso tem sido constatado pessoalmente pelo presidente Weber, a defici\u00eancia de pessoal para a consecu\u00e7\u00e3o ideal das tarefas.<\/p>\n\n\n\n<p class=\"wp-block-paragraph\">Todavia, ainda conforme o diretor do SASS, essa defici\u00eancia de pessoal dever\u00e1 ser suprida a m\u00e9dio prazo, com a manuten\u00e7\u00e3o dos mutir\u00f5es, at\u00e9 l\u00e1. Em breve, conjuntamente com a Dire\u00e7\u00e3o de Comunica\u00e7\u00e3o (DICOM), se iniciar\u00e1 uma a\u00e7\u00e3o de orienta\u00e7\u00e3o aos servidores com a\u00e7\u00f5es para facilitar o envio da documenta\u00e7\u00e3o e contribuir para um processamento mais r\u00e1pido das solicita\u00e7\u00f5es.  <\/p>\n\n\n\n<p class=\"wp-block-paragraph\">SITUA\u00c7\u00d5ES QUE DIFICULTAM O PROCESSAMENTO: 1. Nomes ileg\u00edveis na receita. 2.Notas fiscais sem CPF. 3. Documentos anexados no campo errado. Detalhes como esses podem retardar ou at\u00e9 mesmo invalidar o ressarcimento de medicamentos pelo aux\u00edlio-sa\u00fade. <\/p>\n\n\n\n<p class=\"wp-block-paragraph\">O processo de solicita\u00e7\u00e3o do aux\u00edlio-sa\u00fade exige aten\u00e7\u00e3o desde os primeiros passos. Como h\u00e1 muitos benefici\u00e1rios &#8211; 13 mil &#8211; e um grande volume de pedidos todos os meses, \u00e9 essencial que os documentos sejam preparados com cuidado antes mesmo de chegarem \u00e0 etapa de an\u00e1lise. A confer\u00eancia come\u00e7a no atendimento m\u00e9dico e continua na farm\u00e1cia, onde detalhes como clareza, legibilidade e preenchimento correto fazem diferen\u00e7a. Quando essas informa\u00e7\u00f5es est\u00e3o organizadas, a verifica\u00e7\u00e3o ocorre com mais agilidade e h\u00e1 menos chance de pend\u00eancias.<\/p>\n\n\n\n<p class=\"wp-block-paragraph\">Fica aqui o link para o tutorial fornecido pelo TJRS: <a href=\"https:\/\/www.youtube.com\/watch?v=cHYQ1_kX6jc&amp;t=5s\">https:\/\/www.youtube.com\/watch?v=cHYQ1_kX6jc&amp;t=5s<\/a><\/p>\n\n\n\n<p class=\"wp-block-paragraph\"><\/p>\n","protected":false},"excerpt":{"rendered":"<p>O presidente da ACEDIJUS, Analista do Poder Judici\u00e1rio Marco Aurelio Ricciardi Weber, visitou nesta quarta-feira, 02\/09, o Servi\u00e7o de Assist\u00eancia \u00e0 Sa\u00fade Suplementar (SASS), no qual, como j\u00e1 \u00e9 rotineiro, foi muito bem recebido pelo diretor William Costa e pelos demais colegas. Na oportunidade, Weber procurou buscar informa\u00e7\u00f5es a respeito<a href=\"https:\/\/acedijusrs.com.br\/2024\/2026\/09\/02\/acedijus-visita-o-servico-de-assistencia-a-saude-suplementar-sass-e-traz-informacoes-importantes\/\" class=\"read-more\">Read More<\/a><\/p>\n","protected":false},"author":4,"featured_media":0,"comment_status":"closed","ping_status":"open","sticky":false,"template":"","format":"standard","meta":{"footnotes":""},"categories":[1],"tags":[],"class_list":["post-2239","post","type-post","status-publish","format-standard","hentry","category-noticias"],"_links":{"self":[{"href":"https:\/\/acedijusrs.com.br\/2024\/wp-json\/wp\/v2\/posts\/2239","targetHints":{"allow":["GET"]}}],"collection":[{"href":"https:\/\/acedijusrs.com.br\/2024\/wp-json\/wp\/v2\/posts"}],"about":[{"href":"https:\/\/acedijusrs.com.br\/2024\/wp-json\/wp\/v2\/types\/post"}],"author":[{"embeddable":true,"href":"https:\/\/acedijusrs.com.br\/2024\/wp-json\/wp\/v2\/users\/4"}],"replies":[{"embeddable":true,"href":"https:\/\/acedijusrs.com.br\/2024\/wp-json\/wp\/v2\/comments?post=2239"}],"version-history":[{"count":4,"href":"https:\/\/acedijusrs.com.br\/2024\/wp-json\/wp\/v2\/posts\/2239\/revisions"}],"predecessor-version":[{"id":2247,"href":"https:\/\/acedijusrs.com.br\/2024\/wp-json\/wp\/v2\/posts\/2239\/revisions\/2247"}],"wp:attachment":[{"href":"https:\/\/acedijusrs.com.br\/2024\/wp-json\/wp\/v2\/media?parent=2239"}],"wp:term":[{"taxonomy":"category","embeddable":true,"href":"https:\/\/acedijusrs.com.br\/2024\/wp-json\/wp\/v2\/categories?post=2239"},{"taxonomy":"post_tag","embeddable":true,"href":"https:\/\/acedijusrs.com.br\/2024\/wp-json\/wp\/v2\/tags?post=2239"}],"curies":[{"name":"wp","href":"https:\/\/api.w.org\/{rel}","templated":true}]}}